{"id":1801,"date":"2022-03-07T12:41:00","date_gmt":"2022-03-07T11:41:00","guid":{"rendered":"https:\/\/www.caue19.fr\/news\/?p=1801"},"modified":"2022-03-07T16:56:01","modified_gmt":"2022-03-07T15:56:01","slug":"salon-de-lhabitat-25-26-27-mars-2022","status":"publish","type":"post","link":"https:\/\/www.caue19.fr\/news\/salon-de-lhabitat-25-26-27-mars-2022\/","title":{"rendered":"Salon de l\u2019Habitat | 25\/26\/27 mars 2022"},"content":{"rendered":"\n<div class=\"wp-block-image\"><figure class=\"alignleft size-medium\"><a href=\"https:\/\/www.caue19.fr\/news\/wp-content\/uploads\/2022\/03\/SHB2022-1080x1080-RS.png\"><img loading=\"lazy\" width=\"300\" height=\"300\" src=\"https:\/\/www.caue19.fr\/news\/wp-content\/uploads\/2022\/03\/SHB2022-1080x1080-RS-300x300.png\" alt=\"\" class=\"wp-image-1802\" srcset=\"https:\/\/www.caue19.fr\/news\/wp-content\/uploads\/2022\/03\/SHB2022-1080x1080-RS-300x300.png 300w, https:\/\/www.caue19.fr\/news\/wp-content\/uploads\/2022\/03\/SHB2022-1080x1080-RS-150x150.png 150w, https:\/\/www.caue19.fr\/news\/wp-content\/uploads\/2022\/03\/SHB2022-1080x1080-RS-100x100.png 100w, https:\/\/www.caue19.fr\/news\/wp-content\/uploads\/2022\/03\/SHB2022-1080x1080-RS-266x266.png 266w, https:\/\/www.caue19.fr\/news\/wp-content\/uploads\/2022\/03\/SHB2022-1080x1080-RS-365x365.png 365w, https:\/\/www.caue19.fr\/news\/wp-content\/uploads\/2022\/03\/SHB2022-1080x1080-RS.png 480w\" sizes=\"(max-width: 300px) 100vw, 300px\" \/><\/a><\/figure><\/div>\n\n\n\n<p>Le CAUE vous propose de venir rencontrer son \u00e9quipe pluridisciplinaire durant trois jours. Il vous sera possible d\u2019\u00e9changer bri\u00e8vement sur votre projet et de prendre directement un rendez-vous pour \u00e9changer plus longuement avec l\u2019architecte ou la paysagiste. Nos plaquettes d\u2019information paysager ou architectural seront \u00e0 votre disposition en libre service. Notre emplacement est les num\u00e9ros 72\/73\/74, stand mutualis\u00e9 avec l\u2019Agence D\u00e9partemental pour l&rsquo;Information sur le Logement et le Conseil D\u00e9partemental de la Corr\u00e8ze.<\/p>\n","protected":false},"excerpt":{"rendered":"<p>Le CAUE vous propose de venir rencontrer son \u00e9quipe pluridisciplinaire durant trois jours. Il vous sera possible d\u2019\u00e9changer bri\u00e8vement sur votre projet et de prendre directement un rendez-vous pour \u00e9changer plus longuement avec l\u2019architecte ou la paysagiste. Nos plaquettes d\u2019information &hellip; <a href=\"https:\/\/www.caue19.fr\/news\/salon-de-lhabitat-25-26-27-mars-2022\/\">Lire la suite\u00ad\u00ad<\/a><\/p>\n","protected":false},"author":1,"featured_media":1802,"comment_status":"closed","ping_status":"closed","sticky":false,"template":"","format":"standard","meta":{"kt_blocks_editor_width":""},"categories":[73],"tags":[],"_links":{"self":[{"href":"https:\/\/www.caue19.fr\/news\/wp-json\/wp\/v2\/posts\/1801"}],"collection":[{"href":"https:\/\/www.caue19.fr\/news\/wp-json\/wp\/v2\/posts"}],"about":[{"href":"https:\/\/www.caue19.fr\/news\/wp-json\/wp\/v2\/types\/post"}],"author":[{"embeddable":true,"href":"https:\/\/www.caue19.fr\/news\/wp-json\/wp\/v2\/users\/1"}],"replies":[{"embeddable":true,"href":"https:\/\/www.caue19.fr\/news\/wp-json\/wp\/v2\/comments?post=1801"}],"version-history":[{"count":2,"href":"https:\/\/www.caue19.fr\/news\/wp-json\/wp\/v2\/posts\/1801\/revisions"}],"predecessor-version":[{"id":1805,"href":"https:\/\/www.caue19.fr\/news\/wp-json\/wp\/v2\/posts\/1801\/revisions\/1805"}],"wp:featuredmedia":[{"embeddable":true,"href":"https:\/\/www.caue19.fr\/news\/wp-json\/wp\/v2\/media\/1802"}],"wp:attachment":[{"href":"https:\/\/www.caue19.fr\/news\/wp-json\/wp\/v2\/media?parent=1801"}],"wp:term":[{"taxonomy":"category","embeddable":true,"href":"https:\/\/www.caue19.fr\/news\/wp-json\/wp\/v2\/categories?post=1801"},{"taxonomy":"post_tag","embeddable":true,"href":"https:\/\/www.caue19.fr\/news\/wp-json\/wp\/v2\/tags?post=1801"}],"curies":[{"name":"wp","href":"https:\/\/api.w.org\/{rel}","templated":true}]}}