{"id":2177,"date":"2023-03-09T09:47:37","date_gmt":"2023-03-09T08:47:37","guid":{"rendered":"https:\/\/www.caue19.fr\/news\/?p=2177"},"modified":"2023-03-09T10:08:26","modified_gmt":"2023-03-09T09:08:26","slug":"salon-de-lhabitat-l-24-25-26-mars-2023","status":"publish","type":"post","link":"https:\/\/www.caue19.fr\/news\/salon-de-lhabitat-l-24-25-26-mars-2023\/","title":{"rendered":"SALON DE L&rsquo;HABITAT l 24\/25\/26 MARS 2023"},"content":{"rendered":"\n<figure class=\"wp-block-gallery alignleft has-nested-images columns-default is-cropped\">\n<figure class=\"wp-block-image size-full\"><img loading=\"lazy\" width=\"724\" height=\"1024\" data-id=\"2181\"  src=\"https:\/\/www.caue19.fr\/news\/wp-content\/uploads\/2023\/03\/SHB2023_A3-1-724x1024.jpg\" alt=\"\" class=\"wp-image-2181\" srcset=\"https:\/\/www.caue19.fr\/news\/wp-content\/uploads\/2023\/03\/SHB2023_A3-1-724x1024.jpg 724w, https:\/\/www.caue19.fr\/news\/wp-content\/uploads\/2023\/03\/SHB2023_A3-1-212x300.jpg 212w, https:\/\/www.caue19.fr\/news\/wp-content\/uploads\/2023\/03\/SHB2023_A3-1-768x1086.jpg 768w, https:\/\/www.caue19.fr\/news\/wp-content\/uploads\/2023\/03\/SHB2023_A3-1-1086x1536.jpg 1086w, https:\/\/www.caue19.fr\/news\/wp-content\/uploads\/2023\/03\/SHB2023_A3-1-1448x2048.jpg 1448w, https:\/\/www.caue19.fr\/news\/wp-content\/uploads\/2023\/03\/SHB2023_A3-1-600x848.jpg 600w, https:\/\/www.caue19.fr\/news\/wp-content\/uploads\/2023\/03\/SHB2023_A3-1.jpg 1754w\" sizes=\"(max-width: 724px) 100vw, 724px\" \/><\/figure>\n<\/figure>\n\n\n\n<p>Venez nous rencontrer lors de ces trois jours sur le salon. L&rsquo;architecte ou la paysagiste seront pr\u00e9sentes pour \u00e9changer bri\u00e8vement sur votre projet. <\/p>\n\n\n\n<p>Nous vous attendons au stand 72\/73\/74, stand mutualis\u00e9 avec l&rsquo;Agence D\u00e9partementale pour l&rsquo;Information sur le Logement (ADIL) et le Conseil D\u00e9partemental de la Corr\u00e8ze. <\/p>\n\n\n\n<p>Nos nombreuses plaquettes d&rsquo;informations seront \u00e0 votre disposition en libre service.<\/p>\n\n\n\n<p><\/p>\n","protected":false},"excerpt":{"rendered":"<p>Venez nous rencontrer lors de ces trois jours sur le salon. L&rsquo;architecte ou la paysagiste seront pr\u00e9sentes pour \u00e9changer bri\u00e8vement sur votre projet. Nous vous attendons au stand 72\/73\/74, stand mutualis\u00e9 avec l&rsquo;Agence D\u00e9partementale pour l&rsquo;Information sur le Logement (ADIL) &hellip; <a href=\"https:\/\/www.caue19.fr\/news\/salon-de-lhabitat-l-24-25-26-mars-2023\/\">Lire la suite\u00ad\u00ad<\/a><\/p>\n","protected":false},"author":2,"featured_media":2175,"comment_status":"closed","ping_status":"open","sticky":false,"template":"","format":"standard","meta":{"kt_blocks_editor_width":""},"categories":[73],"tags":[],"_links":{"self":[{"href":"https:\/\/www.caue19.fr\/news\/wp-json\/wp\/v2\/posts\/2177"}],"collection":[{"href":"https:\/\/www.caue19.fr\/news\/wp-json\/wp\/v2\/posts"}],"about":[{"href":"https:\/\/www.caue19.fr\/news\/wp-json\/wp\/v2\/types\/post"}],"author":[{"embeddable":true,"href":"https:\/\/www.caue19.fr\/news\/wp-json\/wp\/v2\/users\/2"}],"replies":[{"embeddable":true,"href":"https:\/\/www.caue19.fr\/news\/wp-json\/wp\/v2\/comments?post=2177"}],"version-history":[{"count":4,"href":"https:\/\/www.caue19.fr\/news\/wp-json\/wp\/v2\/posts\/2177\/revisions"}],"predecessor-version":[{"id":2182,"href":"https:\/\/www.caue19.fr\/news\/wp-json\/wp\/v2\/posts\/2177\/revisions\/2182"}],"wp:featuredmedia":[{"embeddable":true,"href":"https:\/\/www.caue19.fr\/news\/wp-json\/wp\/v2\/media\/2175"}],"wp:attachment":[{"href":"https:\/\/www.caue19.fr\/news\/wp-json\/wp\/v2\/media?parent=2177"}],"wp:term":[{"taxonomy":"category","embeddable":true,"href":"https:\/\/www.caue19.fr\/news\/wp-json\/wp\/v2\/categories?post=2177"},{"taxonomy":"post_tag","embeddable":true,"href":"https:\/\/www.caue19.fr\/news\/wp-json\/wp\/v2\/tags?post=2177"}],"curies":[{"name":"wp","href":"https:\/\/api.w.org\/{rel}","templated":true}]}}