{"id":2382,"date":"2025-03-20T15:51:02","date_gmt":"2025-03-20T14:51:02","guid":{"rendered":"https:\/\/www.caue19.fr\/news\/?p=2382"},"modified":"2025-03-20T15:51:02","modified_gmt":"2025-03-20T14:51:02","slug":"salon-de-lhabitat-l-21-22-23-mars-2025","status":"publish","type":"post","link":"https:\/\/www.caue19.fr\/news\/salon-de-lhabitat-l-21-22-23-mars-2025\/","title":{"rendered":"SALON DE L&rsquo;HABITAT l 21\/22\/23 MARS 2025"},"content":{"rendered":"\n<figure class=\"wp-block-gallery alignleft has-nested-images columns-default is-cropped\">\n<figure class=\"wp-block-image size-full\"><img loading=\"lazy\" width=\"620\" height=\"620\" data-id=\"2383\"  src=\"https:\/\/www.caue19.fr\/news\/wp-content\/uploads\/2025\/03\/ACTUALITE.png\" alt=\"\" class=\"wp-image-2383\" srcset=\"https:\/\/www.caue19.fr\/news\/wp-content\/uploads\/2025\/03\/ACTUALITE.png 620w, https:\/\/www.caue19.fr\/news\/wp-content\/uploads\/2025\/03\/ACTUALITE-300x300.png 300w, https:\/\/www.caue19.fr\/news\/wp-content\/uploads\/2025\/03\/ACTUALITE-150x150.png 150w, https:\/\/www.caue19.fr\/news\/wp-content\/uploads\/2025\/03\/ACTUALITE-600x600.png 600w, https:\/\/www.caue19.fr\/news\/wp-content\/uploads\/2025\/03\/ACTUALITE-100x100.png 100w, https:\/\/www.caue19.fr\/news\/wp-content\/uploads\/2025\/03\/ACTUALITE-532x532.png 532w, https:\/\/www.caue19.fr\/news\/wp-content\/uploads\/2025\/03\/ACTUALITE-266x266.png 266w\" sizes=\"(max-width: 620px) 100vw, 620px\" \/><\/figure>\n<\/figure>\n\n\n\n<p>Venez nous rencontrer lors de ces trois jours sur le salon. L&rsquo;architecte ou la paysagiste seront pr\u00e9sentes pour \u00e9changer bri\u00e8vement sur votre projet. <\/p>\n\n\n\n<p>Nous vous attendons au stand 72, les stands sont mutualis\u00e9s avec l&rsquo;Agence D\u00e9partementale pour l&rsquo;Information sur le Logement (ADIL) et le Conseil D\u00e9partemental de la Corr\u00e8ze. <\/p>\n\n\n\n<p>Nos nombreuses plaquettes d&rsquo;informations seront \u00e0 votre disposition en libre service.<\/p>\n\n\n\n<p><\/p>\n","protected":false},"excerpt":{"rendered":"<p>Venez nous rencontrer lors de ces trois jours sur le salon. L&rsquo;architecte ou la paysagiste seront pr\u00e9sentes pour \u00e9changer bri\u00e8vement sur votre projet. Nous vous attendons au stand 72, les stands sont mutualis\u00e9s avec l&rsquo;Agence D\u00e9partementale pour l&rsquo;Information sur le &hellip; <a href=\"https:\/\/www.caue19.fr\/news\/salon-de-lhabitat-l-21-22-23-mars-2025\/\">Lire la suite\u00ad\u00ad<\/a><\/p>\n","protected":false},"author":3,"featured_media":2383,"comment_status":"closed","ping_status":"open","sticky":false,"template":"","format":"standard","meta":{"kt_blocks_editor_width":""},"categories":[73],"tags":[],"_links":{"self":[{"href":"https:\/\/www.caue19.fr\/news\/wp-json\/wp\/v2\/posts\/2382"}],"collection":[{"href":"https:\/\/www.caue19.fr\/news\/wp-json\/wp\/v2\/posts"}],"about":[{"href":"https:\/\/www.caue19.fr\/news\/wp-json\/wp\/v2\/types\/post"}],"author":[{"embeddable":true,"href":"https:\/\/www.caue19.fr\/news\/wp-json\/wp\/v2\/users\/3"}],"replies":[{"embeddable":true,"href":"https:\/\/www.caue19.fr\/news\/wp-json\/wp\/v2\/comments?post=2382"}],"version-history":[{"count":1,"href":"https:\/\/www.caue19.fr\/news\/wp-json\/wp\/v2\/posts\/2382\/revisions"}],"predecessor-version":[{"id":2384,"href":"https:\/\/www.caue19.fr\/news\/wp-json\/wp\/v2\/posts\/2382\/revisions\/2384"}],"wp:featuredmedia":[{"embeddable":true,"href":"https:\/\/www.caue19.fr\/news\/wp-json\/wp\/v2\/media\/2383"}],"wp:attachment":[{"href":"https:\/\/www.caue19.fr\/news\/wp-json\/wp\/v2\/media?parent=2382"}],"wp:term":[{"taxonomy":"category","embeddable":true,"href":"https:\/\/www.caue19.fr\/news\/wp-json\/wp\/v2\/categories?post=2382"},{"taxonomy":"post_tag","embeddable":true,"href":"https:\/\/www.caue19.fr\/news\/wp-json\/wp\/v2\/tags?post=2382"}],"curies":[{"name":"wp","href":"https:\/\/api.w.org\/{rel}","templated":true}]}}