{"id":2398,"date":"2025-04-11T15:45:23","date_gmt":"2025-04-11T13:45:23","guid":{"rendered":"https:\/\/www.caue19.fr\/news\/?p=2398"},"modified":"2025-04-11T15:48:27","modified_gmt":"2025-04-11T13:48:27","slug":"jardin-paysan-l-4-juin-2025","status":"publish","type":"post","link":"https:\/\/www.caue19.fr\/news\/jardin-paysan-l-4-juin-2025\/","title":{"rendered":"JARDIN PAYSAN l 4 JUIN 2025"},"content":{"rendered":"\n<figure class=\"wp-block-gallery alignleft has-nested-images columns-default is-cropped\">\n<figure class=\"wp-block-image size-large\"><img loading=\"lazy\" width=\"724\" height=\"1024\" data-id=\"2400\"  src=\"https:\/\/www.caue19.fr\/news\/wp-content\/uploads\/2025\/04\/Jardin-paysan-e\u0301glise-aux-bois-724x1024.jpg\" alt=\"\" class=\"wp-image-2400\" srcset=\"https:\/\/www.caue19.fr\/news\/wp-content\/uploads\/2025\/04\/Jardin-paysan-e\u0301glise-aux-bois-724x1024.jpg 724w, https:\/\/www.caue19.fr\/news\/wp-content\/uploads\/2025\/04\/Jardin-paysan-e\u0301glise-aux-bois-212x300.jpg 212w, https:\/\/www.caue19.fr\/news\/wp-content\/uploads\/2025\/04\/Jardin-paysan-e\u0301glise-aux-bois-768x1087.jpg 768w, https:\/\/www.caue19.fr\/news\/wp-content\/uploads\/2025\/04\/Jardin-paysan-e\u0301glise-aux-bois-600x849.jpg 600w, https:\/\/www.caue19.fr\/news\/wp-content\/uploads\/2025\/04\/Jardin-paysan-e\u0301glise-aux-bois.jpg 841w\" sizes=\"(max-width: 724px) 100vw, 724px\" \/><\/figure>\n<\/figure>\n\n\n\n<p>D\u00e9couvrez nos jardins paysans en Corr\u00e8ze \u00e0 travers la conf\u00e9rence de Sandra NICOLLE, Paysagiste\/Urbaniste au CAUE puis des exemples de jardins nourriciers favorables \u00e0 la biodiversit\u00e9 avec Samuel REYNARD du CPIE.<\/p>\n\n\n\n<p>Nous vous attendons d\u00e8s 15 heures \u00e0 la salle des f\u00eates de l&rsquo;Eglise aux Bois (\u00e0 c\u00f4t\u00e9 de la mairie).<\/p>\n\n\n\n<p>Puis nous irons vers 16h30 visiter le jardin de Villelaleix.<\/p>\n\n\n\n<p>Rencontre organis\u00e9e en partenariat avec le PNR de Millevaches en Limousin.<\/p>\n","protected":false},"excerpt":{"rendered":"<p>D\u00e9couvrez nos jardins paysans en Corr\u00e8ze \u00e0 travers la conf\u00e9rence de Sandra NICOLLE, Paysagiste\/Urbaniste au CAUE puis des exemples de jardins nourriciers favorables \u00e0 la biodiversit\u00e9 avec Samuel REYNARD du CPIE. Nous vous attendons d\u00e8s 15 heures \u00e0 la salle &hellip; <a href=\"https:\/\/www.caue19.fr\/news\/jardin-paysan-l-4-juin-2025\/\">Lire la suite\u00ad\u00ad<\/a><\/p>\n","protected":false},"author":2,"featured_media":2400,"comment_status":"closed","ping_status":"open","sticky":false,"template":"","format":"standard","meta":{"kt_blocks_editor_width":""},"categories":[73],"tags":[],"_links":{"self":[{"href":"https:\/\/www.caue19.fr\/news\/wp-json\/wp\/v2\/posts\/2398"}],"collection":[{"href":"https:\/\/www.caue19.fr\/news\/wp-json\/wp\/v2\/posts"}],"about":[{"href":"https:\/\/www.caue19.fr\/news\/wp-json\/wp\/v2\/types\/post"}],"author":[{"embeddable":true,"href":"https:\/\/www.caue19.fr\/news\/wp-json\/wp\/v2\/users\/2"}],"replies":[{"embeddable":true,"href":"https:\/\/www.caue19.fr\/news\/wp-json\/wp\/v2\/comments?post=2398"}],"version-history":[{"count":2,"href":"https:\/\/www.caue19.fr\/news\/wp-json\/wp\/v2\/posts\/2398\/revisions"}],"predecessor-version":[{"id":2402,"href":"https:\/\/www.caue19.fr\/news\/wp-json\/wp\/v2\/posts\/2398\/revisions\/2402"}],"wp:featuredmedia":[{"embeddable":true,"href":"https:\/\/www.caue19.fr\/news\/wp-json\/wp\/v2\/media\/2400"}],"wp:attachment":[{"href":"https:\/\/www.caue19.fr\/news\/wp-json\/wp\/v2\/media?parent=2398"}],"wp:term":[{"taxonomy":"category","embeddable":true,"href":"https:\/\/www.caue19.fr\/news\/wp-json\/wp\/v2\/categories?post=2398"},{"taxonomy":"post_tag","embeddable":true,"href":"https:\/\/www.caue19.fr\/news\/wp-json\/wp\/v2\/tags?post=2398"}],"curies":[{"name":"wp","href":"https:\/\/api.w.org\/{rel}","templated":true}]}}