{"id":2634,"date":"2026-09-01T16:05:13","date_gmt":"2026-09-01T14:05:13","guid":{"rendered":"https:\/\/www.caue19.fr\/news\/?p=2634"},"modified":"2026-09-01T16:12:58","modified_gmt":"2026-09-01T14:12:58","slug":"le-bois-dans-la-ville-quand-la-matiere-vivante-resiste-au-temps-i-19-09-tulle","status":"publish","type":"post","link":"https:\/\/www.caue19.fr\/news\/le-bois-dans-la-ville-quand-la-matiere-vivante-resiste-au-temps-i-19-09-tulle\/","title":{"rendered":"Le bois dans la Ville : quand la mati\u00e8re vivante r\u00e9siste au temps I 19 sept 2026 TULLE"},"content":{"rendered":"\n<figure class=\"wp-block-image size-large\"><img loading=\"lazy\" width=\"683\" height=\"1024\" src=\"https:\/\/www.caue19.fr\/news\/wp-content\/uploads\/2026\/09\/affiche-JEP-2026-2-683x1024.jpg\" alt=\"\" class=\"wp-image-2638\" srcset=\"https:\/\/www.caue19.fr\/news\/wp-content\/uploads\/2026\/09\/affiche-JEP-2026-2-683x1024.jpg 683w, https:\/\/www.caue19.fr\/news\/wp-content\/uploads\/2026\/09\/affiche-JEP-2026-2-200x300.jpg 200w, https:\/\/www.caue19.fr\/news\/wp-content\/uploads\/2026\/09\/affiche-JEP-2026-2-768x1152.jpg 768w, https:\/\/www.caue19.fr\/news\/wp-content\/uploads\/2026\/09\/affiche-JEP-2026-2-1024x1536.jpg 1024w, https:\/\/www.caue19.fr\/news\/wp-content\/uploads\/2026\/09\/affiche-JEP-2026-2-1365x2048.jpg 1365w, https:\/\/www.caue19.fr\/news\/wp-content\/uploads\/2026\/09\/affiche-JEP-2026-2-600x900.jpg 600w, https:\/\/www.caue19.fr\/news\/wp-content\/uploads\/2026\/09\/affiche-JEP-2026-2-scaled.jpg 1707w\" sizes=\"(max-width: 683px) 100vw, 683px\" \/><\/figure>\n\n\n\n<p>Le Conseil d&rsquo;Architecture d&rsquo;Urbanisme et de l&rsquo;Environnement vous emm\u00e8ne \u00e0 ouvrir l\u2019\u0153il et \u00e0 partir \u00e0 la d\u00e9couverte du bois dans les rues de Tulle !<\/p>\n\n\n\n<p>Portes anciennes, maisons \u00e0 colombages, balcons, porches, fen\u00eatres et d\u00e9tails architecturaux\u2026 le bois est pr\u00e9sent partout, parfois de mani\u00e8re discr\u00e8te.<br>Au fil d\u2019une balade comment\u00e9e, d\u00e9couvrez l\u2019histoire, les techniques et les savoir-faire li\u00e9s \u00e0 ce mat\u00e9riau qui participe \u00e0 l\u2019identit\u00e9 et au patrimoine de Tulle.<br>Une promenade pour regarder la ville autrement et r\u00e9v\u00e9ler ses tr\u00e9sors de bois.<\/p>\n\n\n\n<p>Visite guid\u00e9e pr\u00e9vue le samedi 18 septembre \u00e0 14h. Le d\u00e9part de la visite se fera \u00e0 partir du porche de la Cath\u00e9drale (place Gambetta \u00e0 Tulle). La visite est gratuite et sans r\u00e9servation.<\/p>\n\n\n\n<div style=\"height:10px\" aria-hidden=\"true\" class=\"wp-block-spacer\"><\/div>\n\n\n\n<h3>Retour en images<\/h3>\n\n\n<style id=\"kt-blocks_3321d4-a8\">.wp-block-kadence-advancedgallery ul.kb-gallery-id-_3321d4-a8 {margin: -5px;}.kb-gallery-id-_3321d4-a8 .kadence-blocks-gallery-item {padding:5px;}.kb-gallery-type-carousel.kb-gallery-id-_3321d4-a8 .kt-blocks-carousel .kt-blocks-carousel-init {margin: 0 -5px;}.kb-gallery-type-carousel.kb-gallery-id-_3321d4-a8 .kt-blocks-carousel .kt-blocks-carousel-init .kb-slide-item, .kb-gallery-type-fluidcarousel.kb-gallery-id-_3321d4-a8 .kt-blocks-carousel .kt-blocks-carousel-init .kb-slide-item, .kb-gallery-type-carousel .kt-blocks-carousel-init:not(.slick-initialized) .kb-slide-item {padding: 4px 5px;}.kb-gallery-type-fluidcarousel.kb-gallery-id-_3321d4-a8 .kt-blocks-carousel .kt-blocks-carousel-init.kb-carousel-mode-align-left .kb-slide-item {padding: 4px 10px 4px 0;}.kb-gallery-type-carousel.kb-gallery-id-_3321d4-a8 .kt-blocks-carousel .kt-blocks-carousel-init .slick-prev {left:5px;}.kb-gallery-type-carousel.kb-gallery-id-_3321d4-a8 .kt-blocks-carousel .kt-blocks-carousel-init .slick-next {right:5px;}<\/style>\n<div class=\"wp-block-kadence-advancedgallery kb-gallery-wrap-id-_3321d4-a8\"><ul class=\"kb-gallery-ul kb-gallery-type-grid kb-gallery-id-_3321d4-a8 kb-gallery-caption-style-bottom-hover kb-gallery-filter-none\" data-item-selector=\".kadence-blocks-gallery-item\" data-image-filter=\"none\" data-lightbox-caption=\"true\" data-columns-xxl=\"3\" data-columns-xl=\"3\" data-columns-lg=\"3\" data-columns-md=\"2\" data-columns-sm=\"1\" data-columns-xs=\"1\"><\/ul><\/div>\n","protected":false},"excerpt":{"rendered":"<p>Le Conseil d&rsquo;Architecture d&rsquo;Urbanisme et de l&rsquo;Environnement vous emm\u00e8ne \u00e0 ouvrir l\u2019\u0153il et \u00e0 partir \u00e0 la d\u00e9couverte du bois dans les rues de Tulle ! Portes anciennes, maisons \u00e0 colombages, balcons, porches, fen\u00eatres et d\u00e9tails architecturaux\u2026 le bois est &hellip; <a href=\"https:\/\/www.caue19.fr\/news\/le-bois-dans-la-ville-quand-la-matiere-vivante-resiste-au-temps-i-19-09-tulle\/\">Lire la suite\u00ad\u00ad<\/a><\/p>\n","protected":false},"author":3,"featured_media":2638,"comment_status":"closed","ping_status":"open","sticky":false,"template":"","format":"standard","meta":{"kt_blocks_editor_width":""},"categories":[73],"tags":[76],"_links":{"self":[{"href":"https:\/\/www.caue19.fr\/news\/wp-json\/wp\/v2\/posts\/2634"}],"collection":[{"href":"https:\/\/www.caue19.fr\/news\/wp-json\/wp\/v2\/posts"}],"about":[{"href":"https:\/\/www.caue19.fr\/news\/wp-json\/wp\/v2\/types\/post"}],"author":[{"embeddable":true,"href":"https:\/\/www.caue19.fr\/news\/wp-json\/wp\/v2\/users\/3"}],"replies":[{"embeddable":true,"href":"https:\/\/www.caue19.fr\/news\/wp-json\/wp\/v2\/comments?post=2634"}],"version-history":[{"count":6,"href":"https:\/\/www.caue19.fr\/news\/wp-json\/wp\/v2\/posts\/2634\/revisions"}],"predecessor-version":[{"id":2646,"href":"https:\/\/www.caue19.fr\/news\/wp-json\/wp\/v2\/posts\/2634\/revisions\/2646"}],"wp:featuredmedia":[{"embeddable":true,"href":"https:\/\/www.caue19.fr\/news\/wp-json\/wp\/v2\/media\/2638"}],"wp:attachment":[{"href":"https:\/\/www.caue19.fr\/news\/wp-json\/wp\/v2\/media?parent=2634"}],"wp:term":[{"taxonomy":"category","embeddable":true,"href":"https:\/\/www.caue19.fr\/news\/wp-json\/wp\/v2\/categories?post=2634"},{"taxonomy":"post_tag","embeddable":true,"href":"https:\/\/www.caue19.fr\/news\/wp-json\/wp\/v2\/tags?post=2634"}],"curies":[{"name":"wp","href":"https:\/\/api.w.org\/{rel}","templated":true}]}}